{"id":1,"date":"2019-12-30T03:48:21","date_gmt":"2019-12-30T03:48:21","guid":{"rendered":"https:\/\/adpcosmetics.com\/?p=1"},"modified":"2021-06-23T12:18:13","modified_gmt":"2021-06-23T12:18:13","slug":"damos-luz-verde-a-nuestra-carta-de-deseos-para-el-2020","status":"publish","type":"post","link":"https:\/\/adpcosmetics.com\/es\/damos-luz-verde-a-nuestra-carta-de-deseos-para-el-2020\/","title":{"rendered":"Damos luz verde a nuestra carta de deseos para el 2020"},"content":{"rendered":"<p style=\"text-align: center;\">Podemos decir que recordaremos 2019 como un a\u00f1o lleno de aprendizajes, retos superados e ilusiones cumplidas para\u00a0<strong><span class=\"negrita\">ADPCosmetics<\/span><\/strong>. En estos \u00faltimos meses hemos llegado a\u00fan m\u00e1s lejos, haciendo\u00a0<strong><span class=\"negrita\">que nuestros filtros naturales hayan viajado por toda la geograf\u00eda del planeta<\/span><\/strong>. Y sin duda,\u00a0<strong><span class=\"negrita\">afianzar nuestras relaciones<\/span><\/strong>\u00a0con los mercados abiertos es nuestro\u00a0<strong><span class=\"negrita\">deseo n\u00famero uno para el a\u00f1o nuevo<\/span><\/strong>.<\/p>\n<p style=\"text-align: center;\">Entre nuestros objetivos est\u00e1 el\u00a0<strong><span class=\"negrita\">despegue<\/span><\/strong>\u00a0de la marca\u00a0<span class=\"negrita\"><strong>en Estados Unidos<\/strong>, <strong>afianzarnos en Jap\u00f3n y Korea<\/strong><\/span>\u00a0(dos referentes del sector cosm\u00e9tico a nivel global) o lograr que el mercado europeo mantenga y aumente su crecimiento, encabezado por las dos grandes potencias que son\u00a0<strong><span class=\"negrita\">Francia y Alemania<\/span><\/strong>.<\/p>\n<p style=\"text-align: center;\">Otro hecho del que estamos muy orgullosos y en el que seguiremos trabajando es del cambio que le hemos dado a\u00a0<strong><span class=\"negrita\">nuestras instalaciones<\/span><\/strong>, las cuales han sido optimizadas, as\u00ed como los procesos. Poder tener en mente el\u00a0<strong><span class=\"negrita\">cuidado del planeta<\/span><\/strong>\u00a0a la hora de tomar decisiones de producci\u00f3n y log\u00edstica siempre ha estado entre nuestras preocupaciones.<\/p>\n<p style=\"text-align: center;\">\u00bfEn cuanto a las\u00a0<strong><span class=\"negrita\">novedades<\/span><\/strong>? Bueno, pues esperamos que 2020 sea tambi\u00e9n un a\u00f1o con\u00a0<strong><span class=\"negrita\">alguna sorpresa<\/span><\/strong>, la cual de momento, no podemos desvelar&#8230; Eso s\u00ed, aumentar nuestra cartera de productos para lograr\u00a0<strong><span class=\"negrita\">aplicaciones diferentes<\/span><\/strong>\u00a0a las que ya tenemos es algo que siempre nos resuena.<\/p>\n<p style=\"text-align: center;\">Sin duda nuestra m\u00e1quina de \u00abideas\u00bb est\u00e1 en marcha. Nosotros seguimos con la firme intenci\u00f3n de\u00a0<strong><span class=\"negrita\">ofrecer cada d\u00eda el mejor servicio y la gama m\u00e1s amplia de productos<\/span><\/strong>, superando todos los retos que hay en el sector de la cosm\u00e9tica, tanto en color como protecci\u00f3n solar.<\/p>\n","protected":false},"excerpt":{"rendered":"<p>Podemos decir que recordaremos 2019 como un a\u00f1o lleno de aprendizajes, retos superados e ilusiones cumplidas para\u00a0ADPCosmetics. En estos \u00faltimos meses hemos llegado a\u00fan m\u00e1s lejos, haciendo\u00a0que nuestros filtros naturales hayan viajado por toda la geograf\u00eda del planeta. Y sin duda,\u00a0afianzar nuestras relaciones\u00a0con los mercados abiertos es nuestro\u00a0deseo n\u00famero uno para el a\u00f1o nuevo. Entre nuestros objetivos est\u00e1 el\u00a0despegue\u00a0de la marca\u00a0en Estados Unidos, afianzarnos en Jap\u00f3n y Korea\u00a0(dos referentes del sector cosm\u00e9tico a nivel global) o lograr que el mercado europeo mantenga y aumente su crecimiento, encabezado por las dos grandes potencias que son\u00a0Francia y Alemania. Otro hecho del que estamos muy orgullosos y en el que seguiremos trabajando es del cambio que le hemos dado a\u00a0nuestras instalaciones, las cuales han sido optimizadas, as\u00ed como los procesos. Poder tener en mente el\u00a0cuidado del planeta\u00a0a la [&hellip;]<\/p>\n","protected":false},"author":1,"featured_media":129,"comment_status":"open","ping_status":"open","sticky":false,"template":"","format":"standard","meta":[],"categories":[1],"tags":[],"_links":{"self":[{"href":"https:\/\/adpcosmetics.com\/es\/wp-json\/wp\/v2\/posts\/1"}],"collection":[{"href":"https:\/\/adpcosmetics.com\/es\/wp-json\/wp\/v2\/posts"}],"about":[{"href":"https:\/\/adpcosmetics.com\/es\/wp-json\/wp\/v2\/types\/post"}],"author":[{"embeddable":true,"href":"https:\/\/adpcosmetics.com\/es\/wp-json\/wp\/v2\/users\/1"}],"replies":[{"embeddable":true,"href":"https:\/\/adpcosmetics.com\/es\/wp-json\/wp\/v2\/comments?post=1"}],"version-history":[{"count":0,"href":"https:\/\/adpcosmetics.com\/es\/wp-json\/wp\/v2\/posts\/1\/revisions"}],"wp:featuredmedia":[{"embeddable":true,"href":"https:\/\/adpcosmetics.com\/es\/wp-json\/wp\/v2\/media\/129"}],"wp:attachment":[{"href":"https:\/\/adpcosmetics.com\/es\/wp-json\/wp\/v2\/media?parent=1"}],"wp:term":[{"taxonomy":"category","embeddable":true,"href":"https:\/\/adpcosmetics.com\/es\/wp-json\/wp\/v2\/categories?post=1"},{"taxonomy":"post_tag","embeddable":true,"href":"https:\/\/adpcosmetics.com\/es\/wp-json\/wp\/v2\/tags?post=1"}],"curies":[{"name":"wp","href":"https:\/\/api.w.org\/{rel}","templated":true}]}}