{"id":135,"date":"2019-12-20T12:56:26","date_gmt":"2019-12-20T12:56:26","guid":{"rendered":"https:\/\/adpcosmetics.com\/?p=135"},"modified":"2021-06-23T12:19:17","modified_gmt":"2021-06-23T12:19:17","slug":"una-historia-de-crecimiento-y-compromiso","status":"publish","type":"post","link":"https:\/\/adpcosmetics.com\/es\/una-historia-de-crecimiento-y-compromiso\/","title":{"rendered":"Una historia de crecimiento y compromiso"},"content":{"rendered":"<p style=\"text-align: center;\">Hace ya casi una d\u00e9cada que comenz\u00f3 la actividad de\u00a0<strong><span class=\"negrita\">ADPCosmetics<\/span><\/strong>. En estos a\u00f1os hemos vivido muchas historias, pero sin duda, aquellas que m\u00e1s nos han hecho ser lo que somos, son las historias como la de\u00a0<strong><span class=\"negrita\">Ismael Santamar\u00eda, nuestros Responsable de Producci\u00f3n<\/span><\/strong>.<\/p>\n<p style=\"text-align: center;\">Por aquel entonces Ismael trabajaba en el CSIC como T\u00e9cnico de Laboratorio. Llevaba cerca de 14 a\u00f1os y\u00a0<strong><span class=\"negrita\">ayud\u00f3 a desarrollar la tecnolog\u00eda<\/span><\/strong>\u00a0en la que actualmente\u00a0<strong><span class=\"negrita\">se basa nuestro negocio<\/span><\/strong>. Fue unos a\u00f1os despu\u00e9s, en 2014, cuando le propusimos que se uniese a nosotros.<\/p>\n<p style=\"text-align: center;\">======================<\/p>\n<p style=\"text-align: center;\">\u00abYo dud\u00e9 y sent\u00ed el v\u00e9rtigo que supone un cambio de esta magnitud ya que llevaba m\u00e1s de una d\u00e9cada en mi antiguo puesto y la incertidumbre era grande al crear una empresa desde cero, pero\u00a0<strong><span class=\"negrita\">me atra\u00eda mucho el nuevo reto y la posibilidad de seguir el desarrollo de una idea surgida del laboratorio<\/span><\/strong>\u00a0a algo con utilidad en el mercado real.\u00bb<\/p>\n<p style=\"text-align: center;\">======================<\/p>\n<p style=\"text-align: center;\">Ismael fue uno de los pilares de\u00a0<strong><span class=\"negrita\">ADPCosmetics<\/span><\/strong>, y entre sus tareas estaba la atenci\u00f3n a cliente, producci\u00f3n, caracterizaci\u00f3n de producto, calidad, prevenci\u00f3n de riesgos&#8230; Un todoterreno. Poco a poco,\u00a0<span class=\"negrita\"><strong>fuimos creciend<\/strong>o<\/span>, y esto le fue orientando en su carrera.<\/p>\n<p style=\"text-align: center;\">Actualmente, como\u00a0<strong><span class=\"negrita\">Responsable de Producci\u00f3n<\/span><\/strong>, tiene a dos personas a su cargo y adem\u00e1s aporta soluciones y colabora con el\u00a0<strong><span class=\"negrita\">Consejo de Administraci\u00f3n de la empresa<\/span><\/strong>. Con su experiencia contribuye de manera transversal a todos los departamentos.<\/p>\n<h4 style=\"text-align: center;\"><span style=\"color: #f7b131;\">\u00bfSu mayor reto?<\/span><\/h4>\n<p style=\"text-align: center;\">======================<\/p>\n<p style=\"text-align: center;\">\u00abLa labor m\u00e1s importante que he llevado a cabo en la empresa, a mi parecer, es\u00a0<strong><span class=\"negrita\">realizar el escalado de la producci\u00f3n<\/span><\/strong>\u00a0desde 10 gramos en el laboratorio a varias toneladas anuales en la f\u00e1brica.\u00bb<\/p>\n<p style=\"text-align: center;\">======================<\/p>\n<p style=\"text-align: center;\">El pasado\u00a0<strong><span class=\"negrita\">27 de noviembre quisimos dar las gracias a Ismael<\/span><\/strong>\u00a0por el papel que ha desarrollado dentro de la empresa en estos\u00a0<strong><span class=\"negrita\">5 a\u00f1os de camino com\u00fan<\/span><\/strong>. Para recordar este momento le entregamos un\u00a0<strong><span class=\"negrita\">Certificado de reconocimiento y unas gafas de sol personalizadas<\/span><\/strong>, haciendo alusi\u00f3n a nuestro producto principal,\u00a0<strong><span class=\"negrita\">los filtros f\u00edsicos solares<\/span><\/strong>. El acto tuvo lugar en nuestra nave, que va creciendo y mejorando al ritmo que lo hace\u00a0<strong><span class=\"negrita\">ADPCosmetics<\/span><\/strong>.<\/p>\n<p style=\"text-align: center;\">Ismael adem\u00e1s\u00a0<strong><span class=\"negrita\">piensa en el futuro<\/span><\/strong>, en un futuro muy prometedor, en el que se imagina\u00a0<strong><span class=\"negrita\">una empresa a\u00fan m\u00e1s grande y potente<\/span><\/strong>, que pueda seguir\u00a0<strong><span class=\"negrita\">desarrollando su I+D+i<\/span><\/strong>. \u00c9l con su trabajo constante quiere llevar a\u00a0<strong><span class=\"negrita\">ADPCosmetics<\/span><\/strong>\u00a0a ser\u00a0<strong><span class=\"negrita\">un referente en el sector de la cosm\u00e9tica<\/span><\/strong>, y qui\u00e9n sabe, si tal vez\u00a0<strong><span class=\"negrita\">entrar en nuevos sectores<\/span><\/strong>.<\/p>\n","protected":false},"excerpt":{"rendered":"<p>Hace ya casi una d\u00e9cada que comenz\u00f3 la actividad de\u00a0ADPCosmetics. En estos a\u00f1os hemos vivido muchas historias, pero sin duda, aquellas que m\u00e1s nos han hecho ser lo que somos, son las historias como la de\u00a0Ismael Santamar\u00eda, nuestros Responsable de Producci\u00f3n. Por aquel entonces Ismael trabajaba en el CSIC como T\u00e9cnico de Laboratorio. Llevaba cerca de 14 a\u00f1os y\u00a0ayud\u00f3 a desarrollar la tecnolog\u00eda\u00a0en la que actualmente\u00a0se basa nuestro negocio. Fue unos a\u00f1os despu\u00e9s, en 2014, cuando le propusimos que se uniese a nosotros. ====================== \u00abYo dud\u00e9 y sent\u00ed el v\u00e9rtigo que supone un cambio de esta magnitud ya que llevaba m\u00e1s de una d\u00e9cada en mi antiguo puesto y la incertidumbre era grande al crear una empresa desde cero, pero\u00a0me atra\u00eda mucho el nuevo reto y la posibilidad de seguir el desarrollo de una idea [&hellip;]<\/p>\n","protected":false},"author":1,"featured_media":145,"comment_status":"open","ping_status":"open","sticky":false,"template":"","format":"standard","meta":[],"categories":[1],"tags":[],"_links":{"self":[{"href":"https:\/\/adpcosmetics.com\/es\/wp-json\/wp\/v2\/posts\/135"}],"collection":[{"href":"https:\/\/adpcosmetics.com\/es\/wp-json\/wp\/v2\/posts"}],"about":[{"href":"https:\/\/adpcosmetics.com\/es\/wp-json\/wp\/v2\/types\/post"}],"author":[{"embeddable":true,"href":"https:\/\/adpcosmetics.com\/es\/wp-json\/wp\/v2\/users\/1"}],"replies":[{"embeddable":true,"href":"https:\/\/adpcosmetics.com\/es\/wp-json\/wp\/v2\/comments?post=135"}],"version-history":[{"count":0,"href":"https:\/\/adpcosmetics.com\/es\/wp-json\/wp\/v2\/posts\/135\/revisions"}],"wp:featuredmedia":[{"embeddable":true,"href":"https:\/\/adpcosmetics.com\/es\/wp-json\/wp\/v2\/media\/145"}],"wp:attachment":[{"href":"https:\/\/adpcosmetics.com\/es\/wp-json\/wp\/v2\/media?parent=135"}],"wp:term":[{"taxonomy":"category","embeddable":true,"href":"https:\/\/adpcosmetics.com\/es\/wp-json\/wp\/v2\/categories?post=135"},{"taxonomy":"post_tag","embeddable":true,"href":"https:\/\/adpcosmetics.com\/es\/wp-json\/wp\/v2\/tags?post=135"}],"curies":[{"name":"wp","href":"https:\/\/api.w.org\/{rel}","templated":true}]}}