{"id":1642,"date":"2019-03-11T12:10:54","date_gmt":"2019-03-11T12:10:54","guid":{"rendered":"https:\/\/adpcosmetics.com\/?p=1642"},"modified":"2021-06-23T12:12:56","modified_gmt":"2021-06-23T12:12:56","slug":"adpcosmetics-se-merecia-una-imagen-renovada","status":"publish","type":"post","link":"https:\/\/adpcosmetics.com\/es\/adpcosmetics-se-merecia-una-imagen-renovada\/","title":{"rendered":"ADPCosmetics se merec\u00eda una imagen renovada"},"content":{"rendered":"<p style=\"text-align: center;\">Nuestra andadura como\u00a0<span class=\"negrita\">ADParticles comenz\u00f3 en 2011.<\/span>\u00a0Por aquel entonces poco sab\u00edamos de imagen y comunicaci\u00f3n, pero s\u00ed ten\u00edamos claro que ten\u00edamos una\u00a0<span class=\"negrita\">tecnolog\u00eda \u00fanica que iba a revolucionar el mundo de la producci\u00f3n de compuestos.<\/span><\/p>\n<p style=\"text-align: center;\">Esta tecnolog\u00eda se pod\u00eda aplicar en diferentes \u00e1mbitos: pol\u00edmeros, imanes permanentes&#8230; y cosm\u00e9ticos. Nos permit\u00eda\u00a0<span class=\"negrita\">obtener filtros UV de alt\u00edsima calidad para uso en protectores solares y cosm\u00e9tica del color.<\/span>\u00a0Y fue as\u00ed como naci\u00f3\u00a0<span class=\"negrita\">ADPCosmetics.<\/span><\/p>\n<p style=\"text-align: center;\">Hoy, tan solo unos pocos a\u00f1os despu\u00e9s, nuestros productos se distribuyen a nivel mundial, y la familia de filtros y pigmentos sigue creciendo. Es por ello, que vimos necesario hacer un\u00a0<span class=\"negrita\">cambio de imagen acorde a lo que nuestros productos estaban ofreciendo: eficacia, multifuncionalidad, seguridad&#8230;<\/span><\/p>\n<p style=\"text-align: center;\">Tras semanas de trabajo presentamos nuestra nueva imagen hace ya varios meses.\u00a0<span class=\"negrita\">Nuevos logotipos de productos, brochures informativos, gr\u00e1ficas&#8230;<\/span>\u00a0todo un despliegue de mejoras que han hecho que\u00a0<span class=\"negrita\">ADPCosmetics tenga personalidad propia,<\/span>\u00a0cogiendo as\u00ed fuerza para\u00a0<span class=\"negrita\">seguir creciendo de manera independiente<\/span>\u00a0a su marca madre.<\/p>\n","protected":false},"excerpt":{"rendered":"<p>Nuestra andadura como\u00a0ADParticles comenz\u00f3 en 2011.\u00a0Por aquel entonces poco sab\u00edamos de imagen y comunicaci\u00f3n, pero s\u00ed ten\u00edamos claro que ten\u00edamos una\u00a0tecnolog\u00eda \u00fanica que iba a revolucionar el mundo de la producci\u00f3n de compuestos. Esta tecnolog\u00eda se pod\u00eda aplicar en diferentes \u00e1mbitos: pol\u00edmeros, imanes permanentes&#8230; y cosm\u00e9ticos. Nos permit\u00eda\u00a0obtener filtros UV de alt\u00edsima calidad para uso en protectores solares y cosm\u00e9tica del color.\u00a0Y fue as\u00ed como naci\u00f3\u00a0ADPCosmetics. Hoy, tan solo unos pocos a\u00f1os despu\u00e9s, nuestros productos se distribuyen a nivel mundial, y la familia de filtros y pigmentos sigue creciendo. Es por ello, que vimos necesario hacer un\u00a0cambio de imagen acorde a lo que nuestros productos estaban ofreciendo: eficacia, multifuncionalidad, seguridad&#8230; Tras semanas de trabajo presentamos nuestra nueva imagen hace ya varios meses.\u00a0Nuevos logotipos de productos, brochures informativos, gr\u00e1ficas&#8230;\u00a0todo un despliegue de mejoras que han hecho [&hellip;]<\/p>\n","protected":false},"author":1,"featured_media":261,"comment_status":"open","ping_status":"open","sticky":false,"template":"","format":"standard","meta":[],"categories":[1],"tags":[],"_links":{"self":[{"href":"https:\/\/adpcosmetics.com\/es\/wp-json\/wp\/v2\/posts\/1642"}],"collection":[{"href":"https:\/\/adpcosmetics.com\/es\/wp-json\/wp\/v2\/posts"}],"about":[{"href":"https:\/\/adpcosmetics.com\/es\/wp-json\/wp\/v2\/types\/post"}],"author":[{"embeddable":true,"href":"https:\/\/adpcosmetics.com\/es\/wp-json\/wp\/v2\/users\/1"}],"replies":[{"embeddable":true,"href":"https:\/\/adpcosmetics.com\/es\/wp-json\/wp\/v2\/comments?post=1642"}],"version-history":[{"count":0,"href":"https:\/\/adpcosmetics.com\/es\/wp-json\/wp\/v2\/posts\/1642\/revisions"}],"wp:featuredmedia":[{"embeddable":true,"href":"https:\/\/adpcosmetics.com\/es\/wp-json\/wp\/v2\/media\/261"}],"wp:attachment":[{"href":"https:\/\/adpcosmetics.com\/es\/wp-json\/wp\/v2\/media?parent=1642"}],"wp:term":[{"taxonomy":"category","embeddable":true,"href":"https:\/\/adpcosmetics.com\/es\/wp-json\/wp\/v2\/categories?post=1642"},{"taxonomy":"post_tag","embeddable":true,"href":"https:\/\/adpcosmetics.com\/es\/wp-json\/wp\/v2\/tags?post=1642"}],"curies":[{"name":"wp","href":"https:\/\/api.w.org\/{rel}","templated":true}]}}