{"id":2988,"date":"2024-05-06T09:31:49","date_gmt":"2024-05-06T09:31:49","guid":{"rendered":"https:\/\/adpcosmetics.com\/?p=2988"},"modified":"2024-11-07T10:09:28","modified_gmt":"2024-11-07T10:09:28","slug":"nuevos-lanzamientos-y-la-renovada-imagen-de-marca-de-adp-cosmetics-en-in-cosmetics-global-2024","status":"publish","type":"post","link":"https:\/\/adpcosmetics.com\/es\/nuevos-lanzamientos-y-la-renovada-imagen-de-marca-de-adp-cosmetics-en-in-cosmetics-global-2024\/","title":{"rendered":"Nuevos Lanzamientos y la Renovada Imagen de Marca de ADP Cosmetics en in-cosmetics Global 2024"},"content":{"rendered":"<p>En ADP Cosmetics, aprovechamos para compartir las novedades y el \u00e9xito que experimentamos en in-cosmetics Global 2024. Este evento de renombre mundial en la industria cosm\u00e9tica, que tuvo lugar en Paris el pasado 16 de abril 2024, fue para ADP Cosmetics, una plataforma formidable para presentar nuestras \u00faltimas innovaciones y conectarnos con profesionales de todo el mundo.<\/p>\n<p><strong>Nuevos Lanzamientos:<\/strong><\/p>\n<p>Durante in-cosmetics Global 2024, tuvimos el placer de presentar nuestros \u00faltimos productos que representan lo \u00faltimo en tecnolog\u00eda y desarrollo en el campo de la protecci\u00f3n solar, el cuidado de la piel y la sostenibilidad. Nuestra nueva gama de filtros UV basados en \u00f3xido de zinc<strong>, enhanceU-Z<\/strong>, ofrece una protecci\u00f3n solar completa con una transparencia sin igual en las formulaciones. Adem\u00e1s, lanzamos <strong>enhanceU-Z Light, Medium y Warm,<\/strong> una l\u00ednea de protecci\u00f3n solar avanzada tintada que combina el color con una protecci\u00f3n completa contra los rayos UV-VIS-IR-A. As\u00ed como, la l\u00ednea <strong>enhanceUZ \u2013 advanced <\/strong>con una sinergia de protecci\u00f3n y activos como Niacinamida y Arg\u00e1n, combinando as\u00ed, protecci\u00f3n, cuidado y protecci\u00f3n en un solo ingrediente.<\/p>\n<p>&nbsp;<\/p>\n<p><strong>Renovada Imagen de Marca:<\/strong><\/p>\n<p>La participaci\u00f3n en <strong>in-cosmetics Global 2024<\/strong> tambi\u00e9n marc\u00f3 el debut de nuestra renovada imagen de marca. Una imagen donde nos hemos esforzado por reflejar nuestro compromiso con la innovaci\u00f3n, la sostenibilidad, la inclusividad, la diversidad y el cuidado &#8211;<em>Adaptado<\/em>&#8211; para cada necesidad, tanto a nivel de protecci\u00f3n, como de formulaci\u00f3n, permitiendo simplificar, optimizar y economizar recursos en cada formula. Todos estos aspectos plasman la excelencia de nuestro negocio. Desde nuestro stand hasta nuestra comunicaci\u00f3n general, nuestra nueva imagen refleja nuestra pasi\u00f3n por ofrecer productos de alta calidad y soluciones de vanguardia, adaptados a las tendencias y a las necesidades del mundo y de la industria cosm\u00e9tica.<\/p>\n<p>&nbsp;<\/p>\n<p><strong>Oportunidades Comerciales Destacadas:<\/strong><\/p>\n<p>Durante el evento, tuvimos el placer de conectarnos con profesionales de la industria, establecer nuevas relaciones comerciales y fortalecer las asociaciones existentes. Las numerosas oportunidades comerciales que surgieron en <strong>in-cosmetics Global 2024<\/strong> nos motivan a\u00fan m\u00e1s a continuar innovando y creando soluciones, que en colaboraci\u00f3n con nuestros clientes nos permiten alcanzar el \u00e9xito mutuo.<\/p>\n<p>&nbsp;<\/p>\n<p><strong>Compromiso Continuo:<\/strong><\/p>\n<p>En resumen, in-cosmetics Global 2024 fue un evento excepcional para ADP Cosmetics. Estamos entusiasmados por el futuro y comprometidos a seguir liderando el camino en la industria cosm\u00e9tica de cuidado y protecci\u00f3n de la piel, con productos innovadores. Adem\u00e1s, una imagen de marca renovada potente y capaz de reunir toda la esencia de nuestros ingredientes, y con ello la posibilidad de establecer relaciones comerciales s\u00f3lidas y fruct\u00edferas.<\/p>\n","protected":false},"excerpt":{"rendered":"<p>En ADP Cosmetics, aprovechamos para compartir las novedades y el \u00e9xito que experimentamos en in-cosmetics Global 2024. Este evento de renombre mundial en la industria cosm\u00e9tica, que tuvo lugar en Paris el pasado 16 de abril 2024, fue para ADP Cosmetics, una plataforma formidable para presentar nuestras \u00faltimas innovaciones y conectarnos con profesionales de todo el mundo. Nuevos Lanzamientos: Durante in-cosmetics Global 2024, tuvimos el placer de presentar nuestros \u00faltimos productos que representan lo \u00faltimo en tecnolog\u00eda y desarrollo en el campo de la protecci\u00f3n solar, el cuidado de la piel y la sostenibilidad. Nuestra nueva gama de filtros UV basados en \u00f3xido de zinc, enhanceU-Z, ofrece una protecci\u00f3n solar completa con una transparencia sin igual en las formulaciones. Adem\u00e1s, lanzamos enhanceU-Z Light, Medium y Warm, una l\u00ednea de protecci\u00f3n solar avanzada tintada que combina [&hellip;]<\/p>\n","protected":false},"author":5,"featured_media":2985,"comment_status":"open","ping_status":"open","sticky":false,"template":"","format":"standard","meta":[],"categories":[1],"tags":[32,33],"_links":{"self":[{"href":"https:\/\/adpcosmetics.com\/es\/wp-json\/wp\/v2\/posts\/2988"}],"collection":[{"href":"https:\/\/adpcosmetics.com\/es\/wp-json\/wp\/v2\/posts"}],"about":[{"href":"https:\/\/adpcosmetics.com\/es\/wp-json\/wp\/v2\/types\/post"}],"author":[{"embeddable":true,"href":"https:\/\/adpcosmetics.com\/es\/wp-json\/wp\/v2\/users\/5"}],"replies":[{"embeddable":true,"href":"https:\/\/adpcosmetics.com\/es\/wp-json\/wp\/v2\/comments?post=2988"}],"version-history":[{"count":1,"href":"https:\/\/adpcosmetics.com\/es\/wp-json\/wp\/v2\/posts\/2988\/revisions"}],"predecessor-version":[{"id":2989,"href":"https:\/\/adpcosmetics.com\/es\/wp-json\/wp\/v2\/posts\/2988\/revisions\/2989"}],"wp:featuredmedia":[{"embeddable":true,"href":"https:\/\/adpcosmetics.com\/es\/wp-json\/wp\/v2\/media\/2985"}],"wp:attachment":[{"href":"https:\/\/adpcosmetics.com\/es\/wp-json\/wp\/v2\/media?parent=2988"}],"wp:term":[{"taxonomy":"category","embeddable":true,"href":"https:\/\/adpcosmetics.com\/es\/wp-json\/wp\/v2\/categories?post=2988"},{"taxonomy":"post_tag","embeddable":true,"href":"https:\/\/adpcosmetics.com\/es\/wp-json\/wp\/v2\/tags?post=2988"}],"curies":[{"name":"wp","href":"https:\/\/api.w.org\/{rel}","templated":true}]}}